{"id":2794,"date":"2019-10-03T13:15:25","date_gmt":"2019-10-03T11:15:25","guid":{"rendered":"https:\/\/www.theibizatwiins.com\/non-classifiee\/5-lugares-para-vivir-la-puesta-de-sol-ibicenca\/"},"modified":"2022-08-30T10:45:08","modified_gmt":"2022-08-30T08:45:08","slug":"5-lieux-pour-admirer-le-coucher-de-soleil-dibiza","status":"publish","type":"post","link":"https:\/\/www.theibizatwiins.com\/fr\/experiences\/stories\/5-lieux-pour-admirer-le-coucher-de-soleil-dibiza\/","title":{"rendered":"5 lieux pour admirer le coucher de soleil d\u2019Ibiza"},"content":{"rendered":"<div class=\"wpb-content-wrapper\"><p>[vc_row][vc_column][vc_column_text]<\/p>\n<h3>Ibiza es una isla poli\u00e9drica que ofrece una infinidad de facetas, todas ellas igualmente atractivas<\/h3>\n<p>[\/vc_column_text][\/vc_column][\/vc_row][vc_row css=\u00a0\u00bb.vc_custom_1570090960304{padding-bottom: 40px !important;}\u00a0\u00bb][vc_column width=\u00a0\u00bb5\/6&Prime;][vc_column_text]Es famosa su marcha nocturna, su moda adlib, la transparencia de sus aguas, el encanto de sus calas, la historia milenaria que la acompa\u00f1a, su gastronom\u00eda, su creatividad art\u00edstica, su herencia hippy\u2026 A esta larga lista de tesoros hay uno que se vive de manera especialmente intensa durante los meses de verano: la puesta de sol. La prolongada extensi\u00f3n de costa que Ibiza tiene orientada a poniente la convierten en una plataforma privilegiada para poder contemplar ese instante m\u00e1gico desde los lugares m\u00e1s insospechados.<\/p>\n<p>Sin embargo, aqu\u00ed nos vamos a detener en cinco que podr\u00edan considerarse indispensables para un visitante que no haya estado en la isla previamente.<\/p>\n<p>Ses Variades. Un cl\u00e1sico. El lugar donde se pone el sol y donde en los a\u00f1os ochenta naci\u00f3 el esp\u00edritu m\u00e1s chill out. La zona se encuentra pegada al casco urbano de San Antonio por lo que es f\u00e1cilmente accesible caminando por su agradable paseo litoral. Saliendo desde el mismo dique del puerto, bordeando la costa rocosa y en apenas unos minutos habremos llegado a una zona repleta de terrazas y locales que acompasar\u00e1n la puesta de sol con la m\u00fasica m\u00e1s <i>in<\/i> del momento. El m\u00edtico Caf\u00e9 del Mar se encuentra entre los locales que ofrecen una posici\u00f3n privilegiada para el sunset perfecto.[\/vc_column_text][\/vc_column][vc_column width=\u00a0\u00bb1\/6&Prime;][\/vc_column][\/vc_row][vc_row][vc_column][vc_single_image image=\u00a0\u00bb1218&Prime; img_size=\u00a0\u00bbfull\u00a0\u00bb add_caption=\u00a0\u00bbyes\u00a0\u00bb][\/vc_column][\/vc_row][vc_row css=\u00a0\u00bb.vc_custom_1570090784513{padding-top: 40px !important;padding-bottom: 40px !important;}\u00a0\u00bb][vc_column width=\u00a0\u00bb5\/6&Prime;][vc_column_text]Benirr\u00e1s, a ritmo de tambores con alma hippy. Benirr\u00e1s es el nombre de una cala al norte de Ibiza, en el municipio de Sant Joan. Su orientaci\u00f3n es especialmente favorable para ver caer el sol y la belleza del entorno se acrecienta de forma dram\u00e1tica gracias a la presencia de un peque\u00f1o pero vertical\u00edsimo islote que se ubica en el centro de la l\u00ednea del horizonte. A modo de meridiano p\u00e9treo los asiduos podr\u00e1n ver la evoluci\u00f3n del verano en funci\u00f3n del lado de la roca en el que se pone el astro rey. Es famos\u00edsima la fiesta de tambores que se celebran las noches del domingo en la playa, aunque hay que tener en cuenta que el tr\u00e1fico rodado se restringe para comodidad y seguridad del numeroso p\u00fablico que se congrega en ese espacio.[\/vc_column_text][\/vc_column][vc_column width=\u00a0\u00bb1\/6&Prime;][\/vc_column][\/vc_row][vc_row full_width=\u00a0\u00bbstretch_row_content_no_spaces\u00a0\u00bb equal_height=\u00a0\u00bbyes\u00a0\u00bb el_class=\u00a0\u00bbfilaback\u00a0\u00bb][vc_column width=\u00a0\u00bb1\/2&Prime;][vc_single_image image=\u00a0\u00bb1181&Prime; img_size=\u00a0\u00bbfull\u00a0\u00bb add_caption=\u00a0\u00bbyes\u00a0\u00bb][\/vc_column][vc_column width=\u00a0\u00bb1\/2&Prime;][vc_single_image image=\u00a0\u00bb1239&Prime; img_size=\u00a0\u00bbfull\u00a0\u00bb add_caption=\u00a0\u00bbyes\u00a0\u00bb][\/vc_column][\/vc_row][vc_row css=\u00a0\u00bb.vc_custom_1570090792958{padding-top: 40px !important;padding-bottom: 40px !important;}\u00a0\u00bb][vc_column width=\u00a0\u00bb5\/6&Prime;][vc_column_text]Cala Conta, a lo grande. Entre peque\u00f1os acantilados de blancas areniscas se abren paso un par de extensiones de playa que se encuentran en el municipio de San Jos\u00e9. Su belleza es formidable. De espacios abiertos, el horizonte m\u00e1s inmediato de esta playa es la enorme silueta de la isla Des Bosc, que oculta detr\u00e1s la presencia de una isla mayor, Conejera. Desde la misma playa, o unos pocos metros m\u00e1s arriba, desde las grandes extensiones p\u00e9treas que caracterizan su entorno, se degusta una de las puestas de sol m\u00e1s hermosas de la isla, con un familia de islotes lejanos en el fondo. Los d\u00edas de buena visibilidad incluso se adivina la costa peninsular de Denia.<\/p>\n<p>Punta Galera, el <i>sunset<\/i> m\u00e1s contemplativo. Este rinc\u00f3n es una de las calas m\u00e1s peculiares de la costa ibicenca. Los trabajos de una antigua cantera han configurado un litoral con terrazas planas de piedra a distintas alturas que se extienden a ambos lados de una cala en forma de uve abierta. El acceso es laborioso, ya que requiere caminar con precauci\u00f3n y sentido com\u00fan por senderos pedregosos a cierta altura sobre el nivel del mar. Pero una vez all\u00ed la experiencia es \u00fanica. Aguas de azul oscuro con fondos llenos de riqueza, y la posibilidad de contemplar una puesta de sol en silencio, solos o en buena compa\u00f1\u00eda.[\/vc_column_text][\/vc_column][vc_column width=\u00a0\u00bb1\/6&Prime;][\/vc_column][\/vc_row][vc_row][vc_column][vc_single_image image=\u00a0\u00bb720&Prime; img_size=\u00a0\u00bbfull\u00a0\u00bb add_caption=\u00a0\u00bbyes\u00a0\u00bb][\/vc_column][\/vc_row][vc_row css=\u00a0\u00bb.vc_custom_1570620446953{padding-top: 40px !important;}\u00a0\u00bb][vc_column width=\u00a0\u00bb5\/6&Prime;][vc_column_text]Mirador de Cala d\u2019Hort, una estampa cl\u00e1sica. Volvemos al municipio de San Jos\u00e9 para acercarnos a la zona donde se erige el ic\u00f3nico islote de Es Vedr\u00e0 y su hermano peque\u00f1o, Es Vedranell. Esa inmensa mole fotografiada infinidad de veces se convierte en un magn\u00edfico tel\u00f3n de fondo de las puestas de sol m\u00e1s m\u00edsticas y on\u00edricas de la Ibiza m\u00e1gica. Antes de llegar a la cala del mismo nombre hay diversos caminos que conducen hasta la zona de los acantilados que garantizan una perspectiva privilegiada. All\u00ed, y desde la altura de esos riscos, se contempla una visi\u00f3n panor\u00e1mica y espectacular del <i>sunset<\/i>. Es conveniente llegar con tiempo para asegurarse una buena posici\u00f3n.[\/vc_column_text][\/vc_column][vc_column width=\u00a0\u00bb1\/6&Prime;][\/vc_column][\/vc_row][vc_row full_width=\u00a0\u00bbstretch_row_content_no_spaces\u00a0\u00bb content_placement=\u00a0\u00bbbottom\u00a0\u00bb el_class=\u00a0\u00bbstory\u00a0\u00bb css=\u00a0\u00bb.vc_custom_1567768978699{margin-top: 100px !important;margin-bottom: 100px !important;}\u00a0\u00bb][vc_column width=\u00a0\u00bb1\/4&Prime; alignment=\u00a0\u00bbright\u00a0\u00bb][vc_custom_heading text=\u00a0\u00bbLeer m\u00e1s\u00a0\u00bb font_container=\u00a0\u00bbtag:h2|text_align:right\u00a0\u00bb el_class=\u00a0\u00bbvertical\u00a0\u00bb link=\u00a0\u00bburl:https%3A%2F%2Fwww.theibizatwiins.com%2Fibizascope%2F|\u00a0\u00bb][\/vc_column][vc_column width=\u00a0\u00bb3\/4&Prime;][mpc_carousel_posts single_scroll=\u00a0\u00bbtrue\u00a0\u00bb loop=\u00a0\u00bbtrue\u00a0\u00bb rows=\u00a0\u00bb1&Prime; cols=\u00a0\u00bb3&Prime; gap=\u00a0\u00bb50&Prime; start_at=\u00a0\u00bb1&Prime; thumb_height=\u00a0\u00bb650&Prime; mpc_button__disable=\u00a0\u00bbtrue\u00a0\u00bb mpc_button__mpc_tooltip__border_divider=\u00a0\u00bbtrue\u00a0\u00bb mpc_button__mpc_tooltip__padding_divider=\u00a0\u00bbtrue\u00a0\u00bb mpc_navigation__preset=\u00a0\u00bbpreset_0&Prime; mpc_navigation__prev_margin_divider=\u00a0\u00bbtrue\u00a0\u00bb mpc_navigation__next_margin_divider=\u00a0\u00bbtrue\u00a0\u00bb mpc_navigation__padding_divider=\u00a0\u00bbtrue\u00a0\u00bb][\/vc_column][\/vc_row]<\/p>\n<\/div>","protected":false},"excerpt":{"rendered":"<p>[vc_row][vc_column][vc_column_text] Ibiza es una isla poli\u00e9drica que ofrece una infinidad de facetas, todas ellas igualmente atractivas [\/vc_column_text][\/vc_column][\/vc_row][vc_row css=\u00a0\u00bb.vc_custom_1570090960304{padding-bottom: 40px !important;}\u00a0\u00bb][vc_column width=\u00a0\u00bb5\/6&Prime;][vc_column_text]Es famosa su marcha nocturna, su moda adlib, la transparencia de sus aguas, el encanto de sus calas, la historia milenaria que la acompa\u00f1a, su gastronom\u00eda, su creatividad art\u00edstica, su herencia hippy\u2026 A esta larga [&hellip;]<\/p>\n","protected":false},"author":1,"featured_media":2795,"comment_status":"closed","ping_status":"open","sticky":false,"template":"","format":"standard","meta":{"_acf_changed":false,"footnotes":""},"categories":[32],"tags":[81],"class_list":["post-2794","post","type-post","status-publish","format-standard","hentry","category-stories","tag-stories-fr"],"acf":[],"yoast_head":"<!-- This site is optimized with the Yoast SEO plugin v27.7 - https:\/\/yoast.com\/product\/yoast-seo-wordpress\/ -->\n<title>5 lieux pour admirer le coucher de soleil d\u2019Ibiza - The Ibiza Twiins<\/title>\n<meta name=\"description\" content=\"L&#039;\u00e9tendue du littoral d&#039;Ibiza en fait un lieu privil\u00e9gi\u00e9 pour assister \u00e0 ce moment magique depuis les endroits les plus inattendu.\" \/>\n<meta name=\"robots\" content=\"index, follow, max-snippet:-1, max-image-preview:large, max-video-preview:-1\" \/>\n<link rel=\"canonical\" href=\"https:\/\/www.theibizatwiins.com\/fr\/experiences\/stories\/5-lieux-pour-admirer-le-coucher-de-soleil-dibiza\/\" \/>\n<meta property=\"og:locale\" content=\"fr_FR\" \/>\n<meta property=\"og:type\" content=\"article\" \/>\n<meta property=\"og:title\" content=\"5 lieux pour admirer le coucher de soleil d\u2019Ibiza - The Ibiza Twiins\" \/>\n<meta property=\"og:description\" content=\"L&#039;\u00e9tendue du littoral d&#039;Ibiza en fait un lieu privil\u00e9gi\u00e9 pour assister \u00e0 ce moment magique depuis les endroits les plus inattendu.\" \/>\n<meta property=\"og:url\" content=\"https:\/\/www.theibizatwiins.com\/fr\/experiences\/stories\/5-lieux-pour-admirer-le-coucher-de-soleil-dibiza\/\" \/>\n<meta property=\"og:site_name\" content=\"The Ibiza Twiins\" \/>\n<meta property=\"article:published_time\" content=\"2019-10-03T11:15:25+00:00\" \/>\n<meta property=\"article:modified_time\" content=\"2022-08-30T08:45:08+00:00\" \/>\n<meta property=\"og:image\" content=\"https:\/\/www.theibizatwiins.com\/wp-content\/uploads\/2019\/10\/SunsetCover__DSC8324.jpg\" \/>\n\t<meta property=\"og:image:width\" content=\"1400\" \/>\n\t<meta property=\"og:image:height\" content=\"788\" \/>\n\t<meta property=\"og:image:type\" content=\"image\/jpeg\" \/>\n<meta name=\"author\" content=\"fugrafic\" \/>\n<meta name=\"twitter:card\" content=\"summary_large_image\" \/>\n<meta name=\"twitter:label1\" content=\"\u00c9crit par\" \/>\n\t<meta name=\"twitter:data1\" content=\"fugrafic\" \/>\n\t<meta name=\"twitter:label2\" content=\"Dur\u00e9e de lecture estim\u00e9e\" \/>\n\t<meta name=\"twitter:data2\" content=\"5 minutes\" \/>\n<script type=\"application\/ld+json\" class=\"yoast-schema-graph\">{\"@context\":\"https:\\\/\\\/schema.org\",\"@graph\":[{\"@type\":\"Article\",\"@id\":\"https:\\\/\\\/www.theibizatwiins.com\\\/fr\\\/experiences\\\/stories\\\/5-lieux-pour-admirer-le-coucher-de-soleil-dibiza\\\/#article\",\"isPartOf\":{\"@id\":\"https:\\\/\\\/www.theibizatwiins.com\\\/fr\\\/experiences\\\/stories\\\/5-lieux-pour-admirer-le-coucher-de-soleil-dibiza\\\/\"},\"author\":{\"name\":\"fugrafic\",\"@id\":\"https:\\\/\\\/www.theibizatwiins.com\\\/fr\\\/#\\\/schema\\\/person\\\/8cd42280a9e5131728a31d360ff5628b\"},\"headline\":\"5 lieux pour admirer le coucher de soleil d\u2019Ibiza\",\"datePublished\":\"2019-10-03T11:15:25+00:00\",\"dateModified\":\"2022-08-30T08:45:08+00:00\",\"mainEntityOfPage\":{\"@id\":\"https:\\\/\\\/www.theibizatwiins.com\\\/fr\\\/experiences\\\/stories\\\/5-lieux-pour-admirer-le-coucher-de-soleil-dibiza\\\/\"},\"wordCount\":1092,\"publisher\":{\"@id\":\"https:\\\/\\\/www.theibizatwiins.com\\\/fr\\\/#organization\"},\"image\":{\"@id\":\"https:\\\/\\\/www.theibizatwiins.com\\\/fr\\\/experiences\\\/stories\\\/5-lieux-pour-admirer-le-coucher-de-soleil-dibiza\\\/#primaryimage\"},\"thumbnailUrl\":\"https:\\\/\\\/www.theibizatwiins.com\\\/wp-content\\\/uploads\\\/2019\\\/10\\\/SunsetCover__DSC8324.jpg\",\"keywords\":[\"Stories\"],\"articleSection\":[\"Stories\"],\"inLanguage\":\"fr-FR\"},{\"@type\":\"WebPage\",\"@id\":\"https:\\\/\\\/www.theibizatwiins.com\\\/fr\\\/experiences\\\/stories\\\/5-lieux-pour-admirer-le-coucher-de-soleil-dibiza\\\/\",\"url\":\"https:\\\/\\\/www.theibizatwiins.com\\\/fr\\\/experiences\\\/stories\\\/5-lieux-pour-admirer-le-coucher-de-soleil-dibiza\\\/\",\"name\":\"5 lieux pour admirer le coucher de soleil d\u2019Ibiza - The Ibiza Twiins\",\"isPartOf\":{\"@id\":\"https:\\\/\\\/www.theibizatwiins.com\\\/fr\\\/#website\"},\"primaryImageOfPage\":{\"@id\":\"https:\\\/\\\/www.theibizatwiins.com\\\/fr\\\/experiences\\\/stories\\\/5-lieux-pour-admirer-le-coucher-de-soleil-dibiza\\\/#primaryimage\"},\"image\":{\"@id\":\"https:\\\/\\\/www.theibizatwiins.com\\\/fr\\\/experiences\\\/stories\\\/5-lieux-pour-admirer-le-coucher-de-soleil-dibiza\\\/#primaryimage\"},\"thumbnailUrl\":\"https:\\\/\\\/www.theibizatwiins.com\\\/wp-content\\\/uploads\\\/2019\\\/10\\\/SunsetCover__DSC8324.jpg\",\"datePublished\":\"2019-10-03T11:15:25+00:00\",\"dateModified\":\"2022-08-30T08:45:08+00:00\",\"description\":\"L'\u00e9tendue du littoral d'Ibiza en fait un lieu privil\u00e9gi\u00e9 pour assister \u00e0 ce moment magique depuis les endroits les plus inattendu.\",\"breadcrumb\":{\"@id\":\"https:\\\/\\\/www.theibizatwiins.com\\\/fr\\\/experiences\\\/stories\\\/5-lieux-pour-admirer-le-coucher-de-soleil-dibiza\\\/#breadcrumb\"},\"inLanguage\":\"fr-FR\",\"potentialAction\":[{\"@type\":\"ReadAction\",\"target\":[\"https:\\\/\\\/www.theibizatwiins.com\\\/fr\\\/experiences\\\/stories\\\/5-lieux-pour-admirer-le-coucher-de-soleil-dibiza\\\/\"]}]},{\"@type\":\"ImageObject\",\"inLanguage\":\"fr-FR\",\"@id\":\"https:\\\/\\\/www.theibizatwiins.com\\\/fr\\\/experiences\\\/stories\\\/5-lieux-pour-admirer-le-coucher-de-soleil-dibiza\\\/#primaryimage\",\"url\":\"https:\\\/\\\/www.theibizatwiins.com\\\/wp-content\\\/uploads\\\/2019\\\/10\\\/SunsetCover__DSC8324.jpg\",\"contentUrl\":\"https:\\\/\\\/www.theibizatwiins.com\\\/wp-content\\\/uploads\\\/2019\\\/10\\\/SunsetCover__DSC8324.jpg\",\"width\":1400,\"height\":788,\"caption\":\"SunsetCover__DSC8324\"},{\"@type\":\"BreadcrumbList\",\"@id\":\"https:\\\/\\\/www.theibizatwiins.com\\\/fr\\\/experiences\\\/stories\\\/5-lieux-pour-admirer-le-coucher-de-soleil-dibiza\\\/#breadcrumb\",\"itemListElement\":[{\"@type\":\"ListItem\",\"position\":1,\"name\":\"Portada\",\"item\":\"https:\\\/\\\/www.theibizatwiins.com\\\/fr\\\/\"},{\"@type\":\"ListItem\",\"position\":2,\"name\":\"5 lieux pour admirer le coucher de soleil d\u2019Ibiza\"}]},{\"@type\":\"WebSite\",\"@id\":\"https:\\\/\\\/www.theibizatwiins.com\\\/fr\\\/#website\",\"url\":\"https:\\\/\\\/www.theibizatwiins.com\\\/fr\\\/\",\"name\":\"The Ibiza Twiins\",\"description\":\"\",\"publisher\":{\"@id\":\"https:\\\/\\\/www.theibizatwiins.com\\\/fr\\\/#organization\"},\"potentialAction\":[{\"@type\":\"SearchAction\",\"target\":{\"@type\":\"EntryPoint\",\"urlTemplate\":\"https:\\\/\\\/www.theibizatwiins.com\\\/fr\\\/?s={search_term_string}\"},\"query-input\":{\"@type\":\"PropertyValueSpecification\",\"valueRequired\":true,\"valueName\":\"search_term_string\"}}],\"inLanguage\":\"fr-FR\"},{\"@type\":\"Organization\",\"@id\":\"https:\\\/\\\/www.theibizatwiins.com\\\/fr\\\/#organization\",\"name\":\"The Ibiza Twiins\",\"url\":\"https:\\\/\\\/www.theibizatwiins.com\\\/fr\\\/\",\"logo\":{\"@type\":\"ImageObject\",\"inLanguage\":\"fr-FR\",\"@id\":\"https:\\\/\\\/www.theibizatwiins.com\\\/fr\\\/#\\\/schema\\\/logo\\\/image\\\/\",\"url\":\"https:\\\/\\\/www.theibizatwiins.com\\\/wp-content\\\/uploads\\\/2019\\\/10\\\/Twiins_Claim_Blue.png\",\"contentUrl\":\"https:\\\/\\\/www.theibizatwiins.com\\\/wp-content\\\/uploads\\\/2019\\\/10\\\/Twiins_Claim_Blue.png\",\"width\":336,\"height\":45,\"caption\":\"The Ibiza Twiins\"},\"image\":{\"@id\":\"https:\\\/\\\/www.theibizatwiins.com\\\/fr\\\/#\\\/schema\\\/logo\\\/image\\\/\"}},{\"@type\":\"Person\",\"@id\":\"https:\\\/\\\/www.theibizatwiins.com\\\/fr\\\/#\\\/schema\\\/person\\\/8cd42280a9e5131728a31d360ff5628b\",\"name\":\"fugrafic\",\"image\":{\"@type\":\"ImageObject\",\"inLanguage\":\"fr-FR\",\"@id\":\"https:\\\/\\\/secure.gravatar.com\\\/avatar\\\/8a215e88517ac3e3930b7c0a0b890f9fba324c4f6e29ec73d671d62468d6ac18?s=96&d=mm&r=g\",\"url\":\"https:\\\/\\\/secure.gravatar.com\\\/avatar\\\/8a215e88517ac3e3930b7c0a0b890f9fba324c4f6e29ec73d671d62468d6ac18?s=96&d=mm&r=g\",\"contentUrl\":\"https:\\\/\\\/secure.gravatar.com\\\/avatar\\\/8a215e88517ac3e3930b7c0a0b890f9fba324c4f6e29ec73d671d62468d6ac18?s=96&d=mm&r=g\",\"caption\":\"fugrafic\"}}]}<\/script>\n<!-- \/ Yoast SEO plugin. -->","yoast_head_json":{"title":"5 lieux pour admirer le coucher de soleil d\u2019Ibiza - The Ibiza Twiins","description":"L'\u00e9tendue du littoral d'Ibiza en fait un lieu privil\u00e9gi\u00e9 pour assister \u00e0 ce moment magique depuis les endroits les plus inattendu.","robots":{"index":"index","follow":"follow","max-snippet":"max-snippet:-1","max-image-preview":"max-image-preview:large","max-video-preview":"max-video-preview:-1"},"canonical":"https:\/\/www.theibizatwiins.com\/fr\/experiences\/stories\/5-lieux-pour-admirer-le-coucher-de-soleil-dibiza\/","og_locale":"fr_FR","og_type":"article","og_title":"5 lieux pour admirer le coucher de soleil d\u2019Ibiza - The Ibiza Twiins","og_description":"L'\u00e9tendue du littoral d'Ibiza en fait un lieu privil\u00e9gi\u00e9 pour assister \u00e0 ce moment magique depuis les endroits les plus inattendu.","og_url":"https:\/\/www.theibizatwiins.com\/fr\/experiences\/stories\/5-lieux-pour-admirer-le-coucher-de-soleil-dibiza\/","og_site_name":"The Ibiza Twiins","article_published_time":"2019-10-03T11:15:25+00:00","article_modified_time":"2022-08-30T08:45:08+00:00","og_image":[{"width":1400,"height":788,"url":"https:\/\/www.theibizatwiins.com\/wp-content\/uploads\/2019\/10\/SunsetCover__DSC8324.jpg","type":"image\/jpeg"}],"author":"fugrafic","twitter_card":"summary_large_image","twitter_misc":{"\u00c9crit par":"fugrafic","Dur\u00e9e de lecture estim\u00e9e":"5 minutes"},"schema":{"@context":"https:\/\/schema.org","@graph":[{"@type":"Article","@id":"https:\/\/www.theibizatwiins.com\/fr\/experiences\/stories\/5-lieux-pour-admirer-le-coucher-de-soleil-dibiza\/#article","isPartOf":{"@id":"https:\/\/www.theibizatwiins.com\/fr\/experiences\/stories\/5-lieux-pour-admirer-le-coucher-de-soleil-dibiza\/"},"author":{"name":"fugrafic","@id":"https:\/\/www.theibizatwiins.com\/fr\/#\/schema\/person\/8cd42280a9e5131728a31d360ff5628b"},"headline":"5 lieux pour admirer le coucher de soleil d\u2019Ibiza","datePublished":"2019-10-03T11:15:25+00:00","dateModified":"2022-08-30T08:45:08+00:00","mainEntityOfPage":{"@id":"https:\/\/www.theibizatwiins.com\/fr\/experiences\/stories\/5-lieux-pour-admirer-le-coucher-de-soleil-dibiza\/"},"wordCount":1092,"publisher":{"@id":"https:\/\/www.theibizatwiins.com\/fr\/#organization"},"image":{"@id":"https:\/\/www.theibizatwiins.com\/fr\/experiences\/stories\/5-lieux-pour-admirer-le-coucher-de-soleil-dibiza\/#primaryimage"},"thumbnailUrl":"https:\/\/www.theibizatwiins.com\/wp-content\/uploads\/2019\/10\/SunsetCover__DSC8324.jpg","keywords":["Stories"],"articleSection":["Stories"],"inLanguage":"fr-FR"},{"@type":"WebPage","@id":"https:\/\/www.theibizatwiins.com\/fr\/experiences\/stories\/5-lieux-pour-admirer-le-coucher-de-soleil-dibiza\/","url":"https:\/\/www.theibizatwiins.com\/fr\/experiences\/stories\/5-lieux-pour-admirer-le-coucher-de-soleil-dibiza\/","name":"5 lieux pour admirer le coucher de soleil d\u2019Ibiza - The Ibiza Twiins","isPartOf":{"@id":"https:\/\/www.theibizatwiins.com\/fr\/#website"},"primaryImageOfPage":{"@id":"https:\/\/www.theibizatwiins.com\/fr\/experiences\/stories\/5-lieux-pour-admirer-le-coucher-de-soleil-dibiza\/#primaryimage"},"image":{"@id":"https:\/\/www.theibizatwiins.com\/fr\/experiences\/stories\/5-lieux-pour-admirer-le-coucher-de-soleil-dibiza\/#primaryimage"},"thumbnailUrl":"https:\/\/www.theibizatwiins.com\/wp-content\/uploads\/2019\/10\/SunsetCover__DSC8324.jpg","datePublished":"2019-10-03T11:15:25+00:00","dateModified":"2022-08-30T08:45:08+00:00","description":"L'\u00e9tendue du littoral d'Ibiza en fait un lieu privil\u00e9gi\u00e9 pour assister \u00e0 ce moment magique depuis les endroits les plus inattendu.","breadcrumb":{"@id":"https:\/\/www.theibizatwiins.com\/fr\/experiences\/stories\/5-lieux-pour-admirer-le-coucher-de-soleil-dibiza\/#breadcrumb"},"inLanguage":"fr-FR","potentialAction":[{"@type":"ReadAction","target":["https:\/\/www.theibizatwiins.com\/fr\/experiences\/stories\/5-lieux-pour-admirer-le-coucher-de-soleil-dibiza\/"]}]},{"@type":"ImageObject","inLanguage":"fr-FR","@id":"https:\/\/www.theibizatwiins.com\/fr\/experiences\/stories\/5-lieux-pour-admirer-le-coucher-de-soleil-dibiza\/#primaryimage","url":"https:\/\/www.theibizatwiins.com\/wp-content\/uploads\/2019\/10\/SunsetCover__DSC8324.jpg","contentUrl":"https:\/\/www.theibizatwiins.com\/wp-content\/uploads\/2019\/10\/SunsetCover__DSC8324.jpg","width":1400,"height":788,"caption":"SunsetCover__DSC8324"},{"@type":"BreadcrumbList","@id":"https:\/\/www.theibizatwiins.com\/fr\/experiences\/stories\/5-lieux-pour-admirer-le-coucher-de-soleil-dibiza\/#breadcrumb","itemListElement":[{"@type":"ListItem","position":1,"name":"Portada","item":"https:\/\/www.theibizatwiins.com\/fr\/"},{"@type":"ListItem","position":2,"name":"5 lieux pour admirer le coucher de soleil d\u2019Ibiza"}]},{"@type":"WebSite","@id":"https:\/\/www.theibizatwiins.com\/fr\/#website","url":"https:\/\/www.theibizatwiins.com\/fr\/","name":"The Ibiza Twiins","description":"","publisher":{"@id":"https:\/\/www.theibizatwiins.com\/fr\/#organization"},"potentialAction":[{"@type":"SearchAction","target":{"@type":"EntryPoint","urlTemplate":"https:\/\/www.theibizatwiins.com\/fr\/?s={search_term_string}"},"query-input":{"@type":"PropertyValueSpecification","valueRequired":true,"valueName":"search_term_string"}}],"inLanguage":"fr-FR"},{"@type":"Organization","@id":"https:\/\/www.theibizatwiins.com\/fr\/#organization","name":"The Ibiza Twiins","url":"https:\/\/www.theibizatwiins.com\/fr\/","logo":{"@type":"ImageObject","inLanguage":"fr-FR","@id":"https:\/\/www.theibizatwiins.com\/fr\/#\/schema\/logo\/image\/","url":"https:\/\/www.theibizatwiins.com\/wp-content\/uploads\/2019\/10\/Twiins_Claim_Blue.png","contentUrl":"https:\/\/www.theibizatwiins.com\/wp-content\/uploads\/2019\/10\/Twiins_Claim_Blue.png","width":336,"height":45,"caption":"The Ibiza Twiins"},"image":{"@id":"https:\/\/www.theibizatwiins.com\/fr\/#\/schema\/logo\/image\/"}},{"@type":"Person","@id":"https:\/\/www.theibizatwiins.com\/fr\/#\/schema\/person\/8cd42280a9e5131728a31d360ff5628b","name":"fugrafic","image":{"@type":"ImageObject","inLanguage":"fr-FR","@id":"https:\/\/secure.gravatar.com\/avatar\/8a215e88517ac3e3930b7c0a0b890f9fba324c4f6e29ec73d671d62468d6ac18?s=96&d=mm&r=g","url":"https:\/\/secure.gravatar.com\/avatar\/8a215e88517ac3e3930b7c0a0b890f9fba324c4f6e29ec73d671d62468d6ac18?s=96&d=mm&r=g","contentUrl":"https:\/\/secure.gravatar.com\/avatar\/8a215e88517ac3e3930b7c0a0b890f9fba324c4f6e29ec73d671d62468d6ac18?s=96&d=mm&r=g","caption":"fugrafic"}}]}},"_links":{"self":[{"href":"https:\/\/www.theibizatwiins.com\/fr\/wp-json\/wp\/v2\/posts\/2794","targetHints":{"allow":["GET"]}}],"collection":[{"href":"https:\/\/www.theibizatwiins.com\/fr\/wp-json\/wp\/v2\/posts"}],"about":[{"href":"https:\/\/www.theibizatwiins.com\/fr\/wp-json\/wp\/v2\/types\/post"}],"author":[{"embeddable":true,"href":"https:\/\/www.theibizatwiins.com\/fr\/wp-json\/wp\/v2\/users\/1"}],"replies":[{"embeddable":true,"href":"https:\/\/www.theibizatwiins.com\/fr\/wp-json\/wp\/v2\/comments?post=2794"}],"version-history":[{"count":3,"href":"https:\/\/www.theibizatwiins.com\/fr\/wp-json\/wp\/v2\/posts\/2794\/revisions"}],"predecessor-version":[{"id":8769,"href":"https:\/\/www.theibizatwiins.com\/fr\/wp-json\/wp\/v2\/posts\/2794\/revisions\/8769"}],"wp:featuredmedia":[{"embeddable":true,"href":"https:\/\/www.theibizatwiins.com\/fr\/wp-json\/wp\/v2\/media\/2795"}],"wp:attachment":[{"href":"https:\/\/www.theibizatwiins.com\/fr\/wp-json\/wp\/v2\/media?parent=2794"}],"wp:term":[{"taxonomy":"category","embeddable":true,"href":"https:\/\/www.theibizatwiins.com\/fr\/wp-json\/wp\/v2\/categories?post=2794"},{"taxonomy":"post_tag","embeddable":true,"href":"https:\/\/www.theibizatwiins.com\/fr\/wp-json\/wp\/v2\/tags?post=2794"}],"curies":[{"name":"wp","href":"https:\/\/api.w.org\/{rel}","templated":true}]}}